{"id":19,"date":"2017-01-17T16:09:39","date_gmt":"2017-01-17T14:09:39","guid":{"rendered":"https:\/\/antjestehling.wordpress.com\/?p=19"},"modified":"2017-12-13T18:50:25","modified_gmt":"2017-12-13T17:50:25","slug":"der-baum-im-winterkleid","status":"publish","type":"post","link":"https:\/\/antjestiemerling.de\/dramaturgie-dichtung\/2017\/01\/17\/der-baum-im-winterkleid\/","title":{"rendered":"Der Baum im Winterkleid"},"content":{"rendered":"<pre>Da steht er da der Baum im Winterkleid\r\nEr wei\u00df es nicht und denkt er stirbt...\r\nSo reglos nackt im Winterfrost\r\nund findet nur im blauen Himmel Trost .\r\nAch er wird sich langsam wieder regen,\r\nwenn das Gr\u00fcn durch die Erde bricht,\r\ndie \u00c4ste werden sich munter bewegen,\r\nwenn Blatt f\u00fcr Blatt den Himmel trifft.\r\nGr\u00fcn ist er dann und wei\u00df es nicht ,\r\nmehr, dass er ganz nackt und licht\r\nstand am Wegesrand ...\r\nIch fand ihn sch\u00f6n so karg und nackt,\r\nAch...<\/pre>\n","protected":false},"excerpt":{"rendered":"<p>Da steht er da der Baum im Winterkleid Er wei\u00df es nicht und denkt er stirbt&#8230; So reglos nackt im Winterfrost und findet nur im blauen Himmel Trost . Ach er wird sich langsam wieder regen, wenn das Gr\u00fcn durch die Erde bricht, die \u00c4ste werden sich munter bewegen, wenn Blatt f\u00fcr Blatt den Himmel [&hellip;]<\/p>\n","protected":false},"author":3,"featured_media":22,"comment_status":"open","ping_status":"open","sticky":false,"template":"","format":"standard","meta":{"footnotes":""},"categories":[4],"tags":[],"class_list":{"0":"post-19","1":"post","2":"type-post","3":"status-publish","4":"format-standard","5":"has-post-thumbnail","7":"category-antjeskolumne"},"_links":{"self":[{"href":"https:\/\/antjestiemerling.de\/dramaturgie-dichtung\/wp-json\/wp\/v2\/posts\/19"}],"collection":[{"href":"https:\/\/antjestiemerling.de\/dramaturgie-dichtung\/wp-json\/wp\/v2\/posts"}],"about":[{"href":"https:\/\/antjestiemerling.de\/dramaturgie-dichtung\/wp-json\/wp\/v2\/types\/post"}],"author":[{"embeddable":true,"href":"https:\/\/antjestiemerling.de\/dramaturgie-dichtung\/wp-json\/wp\/v2\/users\/3"}],"replies":[{"embeddable":true,"href":"https:\/\/antjestiemerling.de\/dramaturgie-dichtung\/wp-json\/wp\/v2\/comments?post=19"}],"version-history":[{"count":1,"href":"https:\/\/antjestiemerling.de\/dramaturgie-dichtung\/wp-json\/wp\/v2\/posts\/19\/revisions"}],"predecessor-version":[{"id":522,"href":"https:\/\/antjestiemerling.de\/dramaturgie-dichtung\/wp-json\/wp\/v2\/posts\/19\/revisions\/522"}],"wp:featuredmedia":[{"embeddable":true,"href":"https:\/\/antjestiemerling.de\/dramaturgie-dichtung\/wp-json\/wp\/v2\/media\/22"}],"wp:attachment":[{"href":"https:\/\/antjestiemerling.de\/dramaturgie-dichtung\/wp-json\/wp\/v2\/media?parent=19"}],"wp:term":[{"taxonomy":"category","embeddable":true,"href":"https:\/\/antjestiemerling.de\/dramaturgie-dichtung\/wp-json\/wp\/v2\/categories?post=19"},{"taxonomy":"post_tag","embeddable":true,"href":"https:\/\/antjestiemerling.de\/dramaturgie-dichtung\/wp-json\/wp\/v2\/tags?post=19"}],"curies":[{"name":"wp","href":"https:\/\/api.w.org\/{rel}","templated":true}]}}