{"id":543,"date":"2018-01-18T16:10:05","date_gmt":"2018-01-18T15:10:05","guid":{"rendered":"http:\/\/antjestiemerling.de\/script-consulting\/2018\/01\/18\/friederike\/"},"modified":"2018-02-08T10:14:24","modified_gmt":"2018-02-08T09:14:24","slug":"friederike","status":"publish","type":"post","link":"https:\/\/antjestiemerling.de\/dramaturgie-dichtung\/2018\/01\/18\/friederike\/","title":{"rendered":"Friederike"},"content":{"rendered":"<p>&#8230; Gestern hatten sich die Gartenst\u00fchle auf der Alm am Fu\u00dfe des B\u00fcrgenstock verlaufen &#8230;das ist in der Innert Schweiz &#8211; am fast sch\u00f6nsten Flecken der Erde &#8211;<\/p>\n<p>Ganz weit weg von Deutschland, dachte ich &#8211; nun bin ich auf der R\u00fcckfahrt mit dem Zug &#8211; da wartete an der Grenze schon Friederike !<\/p>\n<p>Ich habe auch eine Freundin, die hei\u00dft Friederike, die kann auch st\u00fcrmisch werden und wenn sie so richtig in Fahrt kommt, dann bl\u00e4st auch der Orkan !<\/p>\n<p>Wenn ich doch blo\u00df morgen keine Zeremonie h\u00e4tte, dann k\u00f6nnte ich ja hier \u00fcbernachten. Die Deutsche Bahn zahlt ein Hotel.<\/p>\n<p>Jetzt habe ich einen Bummelzug gefunden, der F\u00e4hrt bis Offenburg &#8211; offenbar meiner Zielrichtung etwas n\u00e4her &#8230;<\/p>\n<p>So bleibt mir nur Gelassenheit so wie mit Friederike &#8230; <img loading=\"lazy\" decoding=\"async\" class=\"size-full wp-image-542\" src=\"https:\/\/antjestiemerling.de\/dramaturgie-dichtung\/wp-content\/uploads\/sites\/2\/2018\/01\/img_7717.jpg\" width=\"3264\" height=\"2448\" \/><\/p>\n","protected":false},"excerpt":{"rendered":"<p>&#8230; Gestern hatten sich die Gartenst\u00fchle auf der Alm am Fu\u00dfe des B\u00fcrgenstock verlaufen &#8230;das ist in der Innert Schweiz &#8211; am fast sch\u00f6nsten Flecken der Erde &#8211; Ganz weit weg von Deutschland, dachte ich &#8211; nun bin ich auf der R\u00fcckfahrt mit dem Zug &#8211; da wartete an der Grenze schon Friederike ! Ich [&hellip;]<\/p>\n","protected":false},"author":3,"featured_media":542,"comment_status":"open","ping_status":"open","sticky":false,"template":"","format":"standard","meta":{"footnotes":""},"categories":[26,4,6,24],"tags":[44,43,41,42,27],"class_list":{"0":"post-543","1":"post","2":"type-post","3":"status-publish","4":"format-standard","5":"has-post-thumbnail","7":"category-aktuell","8":"category-antjeskolumne","9":"category-prosalyrik","10":"category-zeitgeschehen","11":"tag-buergenstock","12":"tag-freundin","13":"tag-orkan-friedericke","14":"tag-stuehle-im-schnee","15":"tag-winter"},"_links":{"self":[{"href":"https:\/\/antjestiemerling.de\/dramaturgie-dichtung\/wp-json\/wp\/v2\/posts\/543"}],"collection":[{"href":"https:\/\/antjestiemerling.de\/dramaturgie-dichtung\/wp-json\/wp\/v2\/posts"}],"about":[{"href":"https:\/\/antjestiemerling.de\/dramaturgie-dichtung\/wp-json\/wp\/v2\/types\/post"}],"author":[{"embeddable":true,"href":"https:\/\/antjestiemerling.de\/dramaturgie-dichtung\/wp-json\/wp\/v2\/users\/3"}],"replies":[{"embeddable":true,"href":"https:\/\/antjestiemerling.de\/dramaturgie-dichtung\/wp-json\/wp\/v2\/comments?post=543"}],"version-history":[{"count":1,"href":"https:\/\/antjestiemerling.de\/dramaturgie-dichtung\/wp-json\/wp\/v2\/posts\/543\/revisions"}],"predecessor-version":[{"id":560,"href":"https:\/\/antjestiemerling.de\/dramaturgie-dichtung\/wp-json\/wp\/v2\/posts\/543\/revisions\/560"}],"wp:featuredmedia":[{"embeddable":true,"href":"https:\/\/antjestiemerling.de\/dramaturgie-dichtung\/wp-json\/wp\/v2\/media\/542"}],"wp:attachment":[{"href":"https:\/\/antjestiemerling.de\/dramaturgie-dichtung\/wp-json\/wp\/v2\/media?parent=543"}],"wp:term":[{"taxonomy":"category","embeddable":true,"href":"https:\/\/antjestiemerling.de\/dramaturgie-dichtung\/wp-json\/wp\/v2\/categories?post=543"},{"taxonomy":"post_tag","embeddable":true,"href":"https:\/\/antjestiemerling.de\/dramaturgie-dichtung\/wp-json\/wp\/v2\/tags?post=543"}],"curies":[{"name":"wp","href":"https:\/\/api.w.org\/{rel}","templated":true}]}}