{"id":548,"date":"2018-01-30T19:15:43","date_gmt":"2018-01-30T18:15:43","guid":{"rendered":"http:\/\/antjestiemerling.de\/script-consulting\/2018\/01\/30\/sehnsucht\/"},"modified":"2018-02-08T10:14:24","modified_gmt":"2018-02-08T09:14:24","slug":"sehnsucht","status":"publish","type":"post","link":"https:\/\/antjestiemerling.de\/dramaturgie-dichtung\/2018\/01\/30\/sehnsucht\/","title":{"rendered":"SehnSucht"},"content":{"rendered":"<p>Januar n\u00f6rdliche Halbkugel &#8211; wenig Sonne &#8211; Graut\u00f6ne &#8211; M\u00fcdigkeit &#8211; sich weg w\u00fcnschen &#8211; auf die Insel &#8211; Urlaubsfotos anschauen &#8211; fliegen &#8211; tr\u00e4umen &#8211; rot trifft blau &#8211; sch\u00f6n war&#8217;s &#8211; sch\u00f6n w\u00e4r&#8217;s &#8211; morgen , \u00fcbermorgen, bald kommt der Fr\u00fchling- naja erstmal schneits nochmal &#8211; Sehnsucht nach : In der Sonne &#x2600;&#xfe0f; tanzen &#x1f483; &#8211; ole <img loading=\"lazy\" decoding=\"async\" class=\"wp-image-547 size-full\" src=\"https:\/\/antjestiemerling.de\/dramaturgie-dichtung\/wp-content\/uploads\/sites\/2\/2018\/01\/img_0695.jpg\" width=\"2448\" height=\"3264\" \/><\/p>\n","protected":false},"excerpt":{"rendered":"<p>Januar n\u00f6rdliche Halbkugel &#8211; wenig Sonne &#8211; Graut\u00f6ne &#8211; M\u00fcdigkeit &#8211; sich weg w\u00fcnschen &#8211; auf die Insel &#8211; Urlaubsfotos anschauen &#8211; fliegen &#8211; tr\u00e4umen &#8211; rot trifft blau &#8211; sch\u00f6n war&#8217;s &#8211; sch\u00f6n w\u00e4r&#8217;s &#8211; morgen , \u00fcbermorgen, bald kommt der Fr\u00fchling- naja erstmal schneits nochmal &#8211; Sehnsucht nach : In der Sonne &#x2600;&#xfe0f; [&hellip;]<\/p>\n","protected":false},"author":3,"featured_media":547,"comment_status":"open","ping_status":"open","sticky":false,"template":"","format":"standard","meta":{"footnotes":""},"categories":[4,6],"tags":[33,34,31,30,32],"class_list":{"0":"post-548","1":"post","2":"type-post","3":"status-publish","4":"format-standard","5":"has-post-thumbnail","7":"category-antjeskolumne","8":"category-prosalyrik","9":"tag-freiheit","10":"tag-fruehling","11":"tag-sehnsucht","12":"tag-sonnenhungrig","13":"tag-ueber-den-wolken"},"_links":{"self":[{"href":"https:\/\/antjestiemerling.de\/dramaturgie-dichtung\/wp-json\/wp\/v2\/posts\/548"}],"collection":[{"href":"https:\/\/antjestiemerling.de\/dramaturgie-dichtung\/wp-json\/wp\/v2\/posts"}],"about":[{"href":"https:\/\/antjestiemerling.de\/dramaturgie-dichtung\/wp-json\/wp\/v2\/types\/post"}],"author":[{"embeddable":true,"href":"https:\/\/antjestiemerling.de\/dramaturgie-dichtung\/wp-json\/wp\/v2\/users\/3"}],"replies":[{"embeddable":true,"href":"https:\/\/antjestiemerling.de\/dramaturgie-dichtung\/wp-json\/wp\/v2\/comments?post=548"}],"version-history":[{"count":2,"href":"https:\/\/antjestiemerling.de\/dramaturgie-dichtung\/wp-json\/wp\/v2\/posts\/548\/revisions"}],"predecessor-version":[{"id":559,"href":"https:\/\/antjestiemerling.de\/dramaturgie-dichtung\/wp-json\/wp\/v2\/posts\/548\/revisions\/559"}],"wp:featuredmedia":[{"embeddable":true,"href":"https:\/\/antjestiemerling.de\/dramaturgie-dichtung\/wp-json\/wp\/v2\/media\/547"}],"wp:attachment":[{"href":"https:\/\/antjestiemerling.de\/dramaturgie-dichtung\/wp-json\/wp\/v2\/media?parent=548"}],"wp:term":[{"taxonomy":"category","embeddable":true,"href":"https:\/\/antjestiemerling.de\/dramaturgie-dichtung\/wp-json\/wp\/v2\/categories?post=548"},{"taxonomy":"post_tag","embeddable":true,"href":"https:\/\/antjestiemerling.de\/dramaturgie-dichtung\/wp-json\/wp\/v2\/tags?post=548"}],"curies":[{"name":"wp","href":"https:\/\/api.w.org\/{rel}","templated":true}]}}