{"id":584,"date":"2018-08-14T15:09:07","date_gmt":"2018-08-14T13:09:07","guid":{"rendered":"https:\/\/antjestiemerling.de\/script-consulting\/?p=584"},"modified":"2018-08-14T15:09:07","modified_gmt":"2018-08-14T13:09:07","slug":"schwedeneden","status":"publish","type":"post","link":"https:\/\/antjestiemerling.de\/dramaturgie-dichtung\/2018\/08\/14\/schwedeneden\/","title":{"rendered":"SchwedenEden"},"content":{"rendered":"<p>Schweden ist wie Garten Eden.<br \/>\n&#8222;Vom Winde verweht&#8220; sind die kleinen und die gro\u00dfen Tage &#8211;<br \/>\nam V\u00e4ttern See im Smaland von Astrid Lindgren und Co.<\/p>\n<p>Hier ist es anders als Anderswo. Wieso?<br \/>\nSeit \u00fcber 200 Jahren gibt es Frieden hier im Land,<br \/>\nund den Menschen hier steht das im Gesicht geschrieben.<\/p>\n<p>Mit einem singenden &#8218;HeyHey&#8216; wirst Du begr\u00fc\u00dft,<br \/>\nSchweden ist wie Garten Eden.<br \/>\nDein Herz geht auf sofort und jetzt,<br \/>\nund Du antwortest: &#8218;HeyHey&#8216;  zur\u00fcck,<br \/>\nund f\u00fchlst in Dir das tiefe GL\u00dcCK.<\/p>\n<p>Schweden, Schweden &#8211; ich komme wieder bald,<br \/>\nund nicht nur im Sommer &#8211; zu jeder Jahreszeit,<br \/>\nund wenn es schneit und ist es kalt,<br \/>\nich zieh&#8216; nen Schweden Pulli dr\u00fcber halt &#8211;<br \/>\nund dann werde ich endlich einen ELCH entdecken,<br \/>\nwetten? <\/p>\n<p>Das war mein Sommer im Garten Eden,<br \/>\nSchweden eben &#8211;<br \/>\nJ\u00d6NK\u00d6PING &#8211;<br \/>\nDanke Anke &#8211; f\u00fcr deine Idee,<br \/>\nich lad dich im  Winter ein zum Drink im Schnee &#8211;<br \/>\nin J\u00f6nk\u00f6pings Pub and Lounges am V\u00e4ttern See!<\/p>\n","protected":false},"excerpt":{"rendered":"<p>Schweden ist wie Garten Eden. &#8222;Vom Winde verweht&#8220; sind die kleinen und die gro\u00dfen Tage &#8211; am V\u00e4ttern See im Smaland von Astrid Lindgren und Co. Hier ist es anders als Anderswo. Wieso? Seit \u00fcber 200 Jahren gibt es Frieden hier im Land, und den Menschen hier steht das im Gesicht geschrieben. Mit einem singenden [&hellip;]<\/p>\n","protected":false},"author":3,"featured_media":587,"comment_status":"open","ping_status":"open","sticky":false,"template":"","format":"standard","meta":{"footnotes":""},"categories":[26,4,6],"tags":[50,49,53,48,52,51],"class_list":{"0":"post-584","1":"post","2":"type-post","3":"status-publish","4":"format-standard","5":"has-post-thumbnail","7":"category-aktuell","8":"category-antjeskolumne","9":"category-prosalyrik","10":"tag-danke-anke","11":"tag-joenkoeping","12":"tag-reisetip-schweden","13":"tag-schweden","14":"tag-smaland","15":"tag-vaettern-see"},"_links":{"self":[{"href":"https:\/\/antjestiemerling.de\/dramaturgie-dichtung\/wp-json\/wp\/v2\/posts\/584"}],"collection":[{"href":"https:\/\/antjestiemerling.de\/dramaturgie-dichtung\/wp-json\/wp\/v2\/posts"}],"about":[{"href":"https:\/\/antjestiemerling.de\/dramaturgie-dichtung\/wp-json\/wp\/v2\/types\/post"}],"author":[{"embeddable":true,"href":"https:\/\/antjestiemerling.de\/dramaturgie-dichtung\/wp-json\/wp\/v2\/users\/3"}],"replies":[{"embeddable":true,"href":"https:\/\/antjestiemerling.de\/dramaturgie-dichtung\/wp-json\/wp\/v2\/comments?post=584"}],"version-history":[{"count":3,"href":"https:\/\/antjestiemerling.de\/dramaturgie-dichtung\/wp-json\/wp\/v2\/posts\/584\/revisions"}],"predecessor-version":[{"id":588,"href":"https:\/\/antjestiemerling.de\/dramaturgie-dichtung\/wp-json\/wp\/v2\/posts\/584\/revisions\/588"}],"wp:featuredmedia":[{"embeddable":true,"href":"https:\/\/antjestiemerling.de\/dramaturgie-dichtung\/wp-json\/wp\/v2\/media\/587"}],"wp:attachment":[{"href":"https:\/\/antjestiemerling.de\/dramaturgie-dichtung\/wp-json\/wp\/v2\/media?parent=584"}],"wp:term":[{"taxonomy":"category","embeddable":true,"href":"https:\/\/antjestiemerling.de\/dramaturgie-dichtung\/wp-json\/wp\/v2\/categories?post=584"},{"taxonomy":"post_tag","embeddable":true,"href":"https:\/\/antjestiemerling.de\/dramaturgie-dichtung\/wp-json\/wp\/v2\/tags?post=584"}],"curies":[{"name":"wp","href":"https:\/\/api.w.org\/{rel}","templated":true}]}}